{"id":4046,"date":"2021-09-22T15:43:52","date_gmt":"2021-09-22T18:43:52","guid":{"rendered":"http:\/\/camaraadministrador.com.ar\/new\/?p=4046"},"modified":"2021-09-22T15:43:55","modified_gmt":"2021-09-22T18:43:55","slug":"colegiatura-de-la-profesion","status":"publish","type":"post","link":"http:\/\/camaraadministrador.com.ar\/new\/colegiatura-de-la-profesion\/","title":{"rendered":"Colegiatura de la Profesi\u00f3n"},"content":{"rendered":"\n<p>Desde la C\u00e1mara trabajamos continuamente en lograr la colegiatura de la profesi\u00f3n &#x1f469;&#x200d;&#x1f393;&#x1f9d1;&#x200d;&#x1f393; \u00bfPor que? Nos ayuda a regular la actividad pudiendo actuar en caso de que administradores no gestionen correctamente sus funciones.<\/p>\n\n\n\n<p>&#x1f449; Esta situacion se da en varios puntos del pais, la C\u00e1mara de la Propiedad Horizontal de Santa Fe volvi\u00f3 a reclamar por la creaci\u00f3n de un colegio que permita fiscalizar la actividad de los administradores en pos de mejorar la transparencia de la actividad<\/p>\n\n\n\n<p> &#x1f3e2; Es importante destacar que el profesional maneja el patrimonio de las personas que tienen inmuebles en propiedad horizontal y es de suma consideraci\u00f3n regular su actividad para evitar negligencias.<\/p>\n\n\n\n<p>\u00bfQueres asociarte a la C\u00e1mara? Podes completar el formulario en nuestro sitio cutt.ly\/8boegmE #administracion #consorcio<br><\/p>\n","protected":false},"excerpt":{"rendered":"<p>Desde la C\u00e1mara trabajamos continuamente en lograr la colegiatura de la profesi\u00f3n &#x1f469;&#x200d;&#x1f393;&#x1f9d1;&#x200d;&#x1f393; \u00bfPor que? Nos ayuda a regular la actividad pudiendo actuar en caso de que administradores no gestionen correctamente sus funciones. &#x1f449; Esta situacion se da en varios puntos del pais, la C\u00e1mara de la Propiedad Horizontal de Santa Fe volvi\u00f3 a reclamar por la creaci\u00f3n de un colegio que permita fiscalizar la actividad de los administradores en pos de mejorar la transparencia de la actividad &#x1f3e2; Es&hellip;<\/p>\n","protected":false},"author":1,"featured_media":4047,"comment_status":"open","ping_status":"open","sticky":false,"template":"","format":"standard","meta":{"footnotes":""},"categories":[2],"tags":[],"class_list":["post-4046","post","type-post","status-publish","format-standard","has-post-thumbnail","hentry","category-general","post-has-thumbnail"],"_links":{"self":[{"href":"http:\/\/camaraadministrador.com.ar\/new\/wp-json\/wp\/v2\/posts\/4046"}],"collection":[{"href":"http:\/\/camaraadministrador.com.ar\/new\/wp-json\/wp\/v2\/posts"}],"about":[{"href":"http:\/\/camaraadministrador.com.ar\/new\/wp-json\/wp\/v2\/types\/post"}],"author":[{"embeddable":true,"href":"http:\/\/camaraadministrador.com.ar\/new\/wp-json\/wp\/v2\/users\/1"}],"replies":[{"embeddable":true,"href":"http:\/\/camaraadministrador.com.ar\/new\/wp-json\/wp\/v2\/comments?post=4046"}],"version-history":[{"count":1,"href":"http:\/\/camaraadministrador.com.ar\/new\/wp-json\/wp\/v2\/posts\/4046\/revisions"}],"predecessor-version":[{"id":4048,"href":"http:\/\/camaraadministrador.com.ar\/new\/wp-json\/wp\/v2\/posts\/4046\/revisions\/4048"}],"wp:featuredmedia":[{"embeddable":true,"href":"http:\/\/camaraadministrador.com.ar\/new\/wp-json\/wp\/v2\/media\/4047"}],"wp:attachment":[{"href":"http:\/\/camaraadministrador.com.ar\/new\/wp-json\/wp\/v2\/media?parent=4046"}],"wp:term":[{"taxonomy":"category","embeddable":true,"href":"http:\/\/camaraadministrador.com.ar\/new\/wp-json\/wp\/v2\/categories?post=4046"},{"taxonomy":"post_tag","embeddable":true,"href":"http:\/\/camaraadministrador.com.ar\/new\/wp-json\/wp\/v2\/tags?post=4046"}],"curies":[{"name":"wp","href":"https:\/\/api.w.org\/{rel}","templated":true}]}}