{"id":4054,"date":"2021-10-19T20:58:40","date_gmt":"2021-10-19T23:58:40","guid":{"rendered":"http:\/\/camaraadministrador.com.ar\/new\/?p=4054"},"modified":"2021-10-19T21:00:33","modified_gmt":"2021-10-20T00:00:33","slug":"reunion-con-la-camara-de-ascensoristas","status":"publish","type":"post","link":"http:\/\/camaraadministrador.com.ar\/new\/reunion-con-la-camara-de-ascensoristas\/","title":{"rendered":"Reuni\u00f3n con la C\u00e1mara de Ascensoristas"},"content":{"rendered":"\n<p>Este martes en el Centro de Constructores ubicado en Independencia 2249 se reunieron miembro de la C\u00e1mara de Administradores de Propiedad Horizontal de la Provincia de Buenos Aires (CAPHPBA) e integrantes de la C\u00e1mara de Ascensoristas para dialogar sobre diferentes temas pertinentes al sector.<\/p>\n\n\n\n<p><br>Por un lado, se inform\u00f3 la importancia de adecuarse a la Ord. Municipal 22663 que tiene como motivo la modernizaci\u00f3n de los ascensores en los edificios. Informaron que a la fecha a\u00fan resta realizar el cambio de control de maniobras en aproximadamente el 40% de la planta de ascensores de la ciudad. Resaltaron que modernizar es &#8220;sin\u00f3nimo de ahorro y seguridad&#8221; para los usuarios. Se remarc\u00f3 que este es uno de los medios de transporte m\u00e1s utilizados en el mundo y para dar cumplimiento a la Ordenanza, se deben modernizar para Abril de 2024, para seguir brindando seguridad y confort para los vecinos.<\/p>\n\n\n\n<p><br>En este sentido, es primordial concientizar a los propietarios sobre las bondades que ofrecer\u00e1n estos nuevos sistemas en los edificios.<\/p>\n\n\n\n<p><br>Adem\u00e1s se propuso trabajar en conjunto para aunar fuerzas e impulsar la digitalizaci\u00f3n del libro de ascensores para que tanto las empresas de ascensores, como el municipio y las Administraciones puedan acceder m\u00e1s f\u00e1cilmente dado que al d\u00eda de la fecha el libro se completa en papel en el edificio, resultando problem\u00e1tico el acceso para control de la Municipalidad.<\/p>\n","protected":false},"excerpt":{"rendered":"<p>Este martes en el Centro de Constructores ubicado en Independencia 2249 se reunieron miembro de la C\u00e1mara de Administradores de Propiedad Horizontal de la Provincia de Buenos Aires (CAPHPBA) e integrantes de la C\u00e1mara de Ascensoristas para dialogar sobre diferentes temas pertinentes al sector. Por un lado, se inform\u00f3 la importancia de adecuarse a la Ord. Municipal 22663 que tiene como motivo la modernizaci\u00f3n de los ascensores en los edificios. Informaron que a la fecha a\u00fan resta realizar el cambio&hellip;<\/p>\n","protected":false},"author":1,"featured_media":4055,"comment_status":"open","ping_status":"open","sticky":false,"template":"","format":"standard","meta":{"footnotes":""},"categories":[2],"tags":[],"class_list":["post-4054","post","type-post","status-publish","format-standard","has-post-thumbnail","hentry","category-general","post-has-thumbnail"],"_links":{"self":[{"href":"http:\/\/camaraadministrador.com.ar\/new\/wp-json\/wp\/v2\/posts\/4054"}],"collection":[{"href":"http:\/\/camaraadministrador.com.ar\/new\/wp-json\/wp\/v2\/posts"}],"about":[{"href":"http:\/\/camaraadministrador.com.ar\/new\/wp-json\/wp\/v2\/types\/post"}],"author":[{"embeddable":true,"href":"http:\/\/camaraadministrador.com.ar\/new\/wp-json\/wp\/v2\/users\/1"}],"replies":[{"embeddable":true,"href":"http:\/\/camaraadministrador.com.ar\/new\/wp-json\/wp\/v2\/comments?post=4054"}],"version-history":[{"count":1,"href":"http:\/\/camaraadministrador.com.ar\/new\/wp-json\/wp\/v2\/posts\/4054\/revisions"}],"predecessor-version":[{"id":4056,"href":"http:\/\/camaraadministrador.com.ar\/new\/wp-json\/wp\/v2\/posts\/4054\/revisions\/4056"}],"wp:featuredmedia":[{"embeddable":true,"href":"http:\/\/camaraadministrador.com.ar\/new\/wp-json\/wp\/v2\/media\/4055"}],"wp:attachment":[{"href":"http:\/\/camaraadministrador.com.ar\/new\/wp-json\/wp\/v2\/media?parent=4054"}],"wp:term":[{"taxonomy":"category","embeddable":true,"href":"http:\/\/camaraadministrador.com.ar\/new\/wp-json\/wp\/v2\/categories?post=4054"},{"taxonomy":"post_tag","embeddable":true,"href":"http:\/\/camaraadministrador.com.ar\/new\/wp-json\/wp\/v2\/tags?post=4054"}],"curies":[{"name":"wp","href":"https:\/\/api.w.org\/{rel}","templated":true}]}}