{"id":4103,"date":"2021-11-16T18:57:06","date_gmt":"2021-11-16T21:57:06","guid":{"rendered":"http:\/\/camaraadministrador.com.ar\/new\/?p=4103"},"modified":"2021-11-16T19:05:23","modified_gmt":"2021-11-16T22:05:23","slug":"uso-responsable-del-agua","status":"publish","type":"post","link":"http:\/\/camaraadministrador.com.ar\/new\/uso-responsable-del-agua\/","title":{"rendered":"Uso responsable del agua"},"content":{"rendered":"\t\t<div data-elementor-type=\"wp-post\" data-elementor-id=\"4103\" class=\"elementor elementor-4103\" data-elementor-post-type=\"post\">\n\t\t\t\t\t\t<section class=\"elementor-section elementor-top-section elementor-element elementor-element-5244f039 elementor-section-boxed elementor-section-height-default elementor-section-height-default\" data-id=\"5244f039\" data-element_type=\"section\">\n\t\t\t\t\t\t<div class=\"elementor-container elementor-column-gap-default\">\n\t\t\t\t\t<div class=\"elementor-column elementor-col-100 elementor-top-column elementor-element elementor-element-33130521\" data-id=\"33130521\" data-element_type=\"column\">\n\t\t\t<div class=\"elementor-widget-wrap elementor-element-populated\">\n\t\t\t\t\t\t<div class=\"elementor-element elementor-element-772beffa elementor-widget elementor-widget-text-editor\" data-id=\"772beffa\" data-element_type=\"widget\" data-widget_type=\"text-editor.default\">\n\t\t\t\t<div class=\"elementor-widget-container\">\n\t\t\t\t\t\t\t\t\t\n<p>Con la llegada del verano el consumo de agua se multiplica llegando a desabastecer comunidades en intervalos de tiempo. Por eso es importante que hagamos un uso responsable del agua. \u00bfComo? Segui estos consejos:<\/p>\n<ul>\n<li>La prioridad debe ser el uso esencial y la higiene personal. El recambio de agua almacenada por ejemplo en una pileta de lona debe evitarse, y adem\u00e1s hay que tener cautela en el empleo para el lavado de autos, motos, riego de jardines y limpieza de veredas.<\/li>\n<li>Si vas a lavar el auto o limpiar la vereda, que sea con una manguera que tenga boquilla de corte o con un balde.<\/li>\n<li>Es recomendable regar por la tarde cuando la temperatura baja, as\u00ed se reduce al m\u00ednimo la evaporaci\u00f3n del agua.<\/li>\n<\/ul>\n\t\t\t\t\t\t\t\t<\/div>\n\t\t\t\t<\/div>\n\t\t\t\t\t<\/div>\n\t\t<\/div>\n\t\t\t\t\t<\/div>\n\t\t<\/section>\n\t\t\t\t<\/div>\n\t\t","protected":false},"excerpt":{"rendered":"<p>Con la llegada del verano el consumo de agua se multiplica llegando a desabastecer comunidades en intervalos de tiempo. Por eso es importante que hagamos un uso responsable del agua. \u00bfComo? Segui estos consejos: La prioridad debe ser el uso esencial y la higiene personal. El recambio de agua almacenada por ejemplo en una pileta de lona debe evitarse, y adem\u00e1s hay que tener cautela en el empleo para el lavado de autos, motos, riego de jardines y limpieza de&hellip;<\/p>\n","protected":false},"author":1,"featured_media":4107,"comment_status":"open","ping_status":"open","sticky":false,"template":"","format":"standard","meta":{"footnotes":""},"categories":[2],"tags":[],"class_list":["post-4103","post","type-post","status-publish","format-standard","has-post-thumbnail","hentry","category-general","post-has-thumbnail"],"_links":{"self":[{"href":"http:\/\/camaraadministrador.com.ar\/new\/wp-json\/wp\/v2\/posts\/4103"}],"collection":[{"href":"http:\/\/camaraadministrador.com.ar\/new\/wp-json\/wp\/v2\/posts"}],"about":[{"href":"http:\/\/camaraadministrador.com.ar\/new\/wp-json\/wp\/v2\/types\/post"}],"author":[{"embeddable":true,"href":"http:\/\/camaraadministrador.com.ar\/new\/wp-json\/wp\/v2\/users\/1"}],"replies":[{"embeddable":true,"href":"http:\/\/camaraadministrador.com.ar\/new\/wp-json\/wp\/v2\/comments?post=4103"}],"version-history":[{"count":3,"href":"http:\/\/camaraadministrador.com.ar\/new\/wp-json\/wp\/v2\/posts\/4103\/revisions"}],"predecessor-version":[{"id":4106,"href":"http:\/\/camaraadministrador.com.ar\/new\/wp-json\/wp\/v2\/posts\/4103\/revisions\/4106"}],"wp:featuredmedia":[{"embeddable":true,"href":"http:\/\/camaraadministrador.com.ar\/new\/wp-json\/wp\/v2\/media\/4107"}],"wp:attachment":[{"href":"http:\/\/camaraadministrador.com.ar\/new\/wp-json\/wp\/v2\/media?parent=4103"}],"wp:term":[{"taxonomy":"category","embeddable":true,"href":"http:\/\/camaraadministrador.com.ar\/new\/wp-json\/wp\/v2\/categories?post=4103"},{"taxonomy":"post_tag","embeddable":true,"href":"http:\/\/camaraadministrador.com.ar\/new\/wp-json\/wp\/v2\/tags?post=4103"}],"curies":[{"name":"wp","href":"https:\/\/api.w.org\/{rel}","templated":true}]}}