{"id":4132,"date":"2022-01-11T15:24:38","date_gmt":"2022-01-11T18:24:38","guid":{"rendered":"http:\/\/camaraadministrador.com.ar\/new\/?p=4132"},"modified":"2022-01-11T15:25:41","modified_gmt":"2022-01-11T18:25:41","slug":"alianza-estrategica-de-trabajo-institucional","status":"publish","type":"post","link":"http:\/\/camaraadministrador.com.ar\/new\/alianza-estrategica-de-trabajo-institucional\/","title":{"rendered":"Alianza estrat\u00e9gica de trabajo institucional"},"content":{"rendered":"<p>Autoridades de la C\u00e1mara de Administradores de Propiedad Horizontal de la Provincia de Buenos Aires (CAPHPBA) participaron de una reuni\u00f3n con miembros de la Federaci\u00f3n Econ\u00f3mica de la Provincia de Buenos Aires (FEBA) con el objetivo de elaborar un espacio de trabajo institucional que beneficie a los socios. Al encuentro asistieron Daniel Echevarria (presidente) y Bernardo Giles (Vicepresidente); mientras que, por FEBA, participaron Leonardo Tasca (Prosecretario) junto a Horacio Jorge Duhalde (Vicepresidente de UCIP).<\/p>\n<p>Dentro de la tem\u00e1tica abordada en el encuentro, se destac\u00f3 la necesidad de avanzar en tareas conjuntas en los distritos bonaerenses con el fin de conformar comisiones afines, redacci\u00f3n y trabajo legislativo sobre la ley de colegiaci\u00f3n.<\/p>\n<p>Tambi\u00e9n se convers\u00f3 sobre la importancia de la participaci\u00f3n y acompa\u00f1amiento activo de administradores en \u00e1mbitos comunes de toda la provincia a trav\u00e9s de la territorialidad y la presencia de FEBA en localidades bonaerenses. Adem\u00e1s, tuvo lugar el an\u00e1lisis del uso y la extensi\u00f3n de los servicios de la Federaci\u00f3n.<\/p>\n<p>Esto es una gran paso para que la C\u00e1mara siga creciendo y conforme nuevos espacios de trabajo con otras entidades.<\/p>\n","protected":false},"excerpt":{"rendered":"<p>Autoridades de la C\u00e1mara de Administradores de Propiedad Horizontal de la Provincia de Buenos Aires (CAPHPBA) participaron de una reuni\u00f3n con miembros de la Federaci\u00f3n Econ\u00f3mica de la Provincia de Buenos Aires (FEBA) con el objetivo de elaborar un espacio de trabajo institucional que beneficie a los socios. Al encuentro asistieron Daniel Echevarria (presidente) y Bernardo Giles (Vicepresidente); mientras que, por FEBA, participaron Leonardo Tasca (Prosecretario) junto a Horacio Jorge Duhalde (Vicepresidente de UCIP). Dentro de la tem\u00e1tica abordada en&hellip;<\/p>\n","protected":false},"author":1,"featured_media":4134,"comment_status":"open","ping_status":"open","sticky":false,"template":"","format":"standard","meta":{"footnotes":""},"categories":[2],"tags":[],"class_list":["post-4132","post","type-post","status-publish","format-standard","has-post-thumbnail","hentry","category-general","post-has-thumbnail"],"_links":{"self":[{"href":"http:\/\/camaraadministrador.com.ar\/new\/wp-json\/wp\/v2\/posts\/4132"}],"collection":[{"href":"http:\/\/camaraadministrador.com.ar\/new\/wp-json\/wp\/v2\/posts"}],"about":[{"href":"http:\/\/camaraadministrador.com.ar\/new\/wp-json\/wp\/v2\/types\/post"}],"author":[{"embeddable":true,"href":"http:\/\/camaraadministrador.com.ar\/new\/wp-json\/wp\/v2\/users\/1"}],"replies":[{"embeddable":true,"href":"http:\/\/camaraadministrador.com.ar\/new\/wp-json\/wp\/v2\/comments?post=4132"}],"version-history":[{"count":2,"href":"http:\/\/camaraadministrador.com.ar\/new\/wp-json\/wp\/v2\/posts\/4132\/revisions"}],"predecessor-version":[{"id":4136,"href":"http:\/\/camaraadministrador.com.ar\/new\/wp-json\/wp\/v2\/posts\/4132\/revisions\/4136"}],"wp:featuredmedia":[{"embeddable":true,"href":"http:\/\/camaraadministrador.com.ar\/new\/wp-json\/wp\/v2\/media\/4134"}],"wp:attachment":[{"href":"http:\/\/camaraadministrador.com.ar\/new\/wp-json\/wp\/v2\/media?parent=4132"}],"wp:term":[{"taxonomy":"category","embeddable":true,"href":"http:\/\/camaraadministrador.com.ar\/new\/wp-json\/wp\/v2\/categories?post=4132"},{"taxonomy":"post_tag","embeddable":true,"href":"http:\/\/camaraadministrador.com.ar\/new\/wp-json\/wp\/v2\/tags?post=4132"}],"curies":[{"name":"wp","href":"https:\/\/api.w.org\/{rel}","templated":true}]}}