{"id":4137,"date":"2022-01-14T12:06:42","date_gmt":"2022-01-14T15:06:42","guid":{"rendered":"http:\/\/camaraadministrador.com.ar\/new\/?p=4137"},"modified":"2022-01-14T12:06:42","modified_gmt":"2022-01-14T15:06:42","slug":"contacto-estrecho-covid","status":"publish","type":"post","link":"http:\/\/camaraadministrador.com.ar\/new\/contacto-estrecho-covid\/","title":{"rendered":"CONTACTO ESTRECHO COVID"},"content":{"rendered":"<p style=\"font-weight: 400;\">COFESA \u2013CONSEJO FEDERAL DE SALUD- ACABA DE INFORMAR CAMBIOS EN CRITERIO PARA MANEJO DE CONTACTOS ESTRECHOS\u00a0CON IMPACTO EN LA RELACION DE TRABAJO.<\/p>\n<p style=\"font-weight: 400;\">1)<strong>\u00a0Contacto estrecho asintom\u00e1tico sin vacunar<\/strong>\u00a0o con esquema de vacunaci\u00f3n incompleto (sin vacunar o con m\u00e1s de 5 meses de la aplicaci\u00f3n de la \u00faltima dosis) \u2013 10 d\u00edas de aislamiento desde el \u00faltimo contacto con el caso confirmado y seguimiento estricto.<\/p>\n<p style=\"font-weight: 400;\">2)\u00a0<strong>Contacto estrecho asintom\u00e1tico con esquema inicial completo<\/strong>\u00a0de vacunaci\u00f3n (dosis \u00fanica, dos dosis o esquema inicial con dosis adicional, seg\u00fan corresponda y menos de 5 meses de completado el esquema) o que hayan tenido COVID-19 en los \u00faltimos 90 d\u00edas\u2013\u00a0opci\u00f3n de flexibilizar aislamiento\u00a0\u00a0<strong>(NO ES OBLIGATORIO AHORA<\/strong><strong>)<\/strong>\u00a0\u00a0maximizar medidas preventivas\u00a0(uso adecuado de barbijo y ambientes con ventilaci\u00f3n cruzada permanente) y\u00a0realizaci\u00f3n de test diagn\u00f3stico entre el tercer y quinto d\u00eda, evitar concurrir a eventos sociales o masivos, realizar automonitoreo de s\u00edntomas de forma diaria, la app Cuidar permanecer\u00e1 bloqueada durante 10 d\u00edas.<\/p>\n<p style=\"font-weight: 400;\">3)<strong>\u00a0Contacto estrecho asintom\u00e1tico con esquema de vacunaci\u00f3n completo + refuerzo<\/strong>\u00a0con m\u00e1s de 14 d\u00edas de la \u00faltima aplicaci\u00f3n-\u00a0opci\u00f3n de flexibilizar aislamiento\u00a0<strong>(NO ES OBLIGATORIO AHORA<\/strong><strong>)<\/strong>\u00a0, maximizar medidas preventivas\u00a0(uso adecuado de barbijo y ambientes con ventilaci\u00f3n cruzada permanente), evitar concurrir a reuniones sociales o eventos masivos, realizar automonitoreo de s\u00edntomas de forma diaria, la app Cuidar permanecer\u00e1 bloqueada durante 10 d\u00edas.<\/p>\n<p style=\"font-weight: 400;\">4)\u00a0<strong>Los casos positivos siguen con la misma modalidad de aislamiento<\/strong>.<\/p>\n<p style=\"font-weight: 400;\">Gerardo Rodriguez Arauco<\/p>\n","protected":false},"excerpt":{"rendered":"<p>COFESA \u2013CONSEJO FEDERAL DE SALUD- ACABA DE INFORMAR CAMBIOS EN CRITERIO PARA MANEJO DE CONTACTOS ESTRECHOS\u00a0CON IMPACTO EN LA RELACION DE TRABAJO. 1)\u00a0Contacto estrecho asintom\u00e1tico sin vacunar\u00a0o con esquema de vacunaci\u00f3n incompleto (sin vacunar o con m\u00e1s de 5 meses de la aplicaci\u00f3n de la \u00faltima dosis) \u2013 10 d\u00edas de aislamiento desde el \u00faltimo contacto con el caso confirmado y seguimiento estricto. 2)\u00a0Contacto estrecho asintom\u00e1tico con esquema inicial completo\u00a0de vacunaci\u00f3n (dosis \u00fanica, dos dosis o esquema inicial con dosis&hellip;<\/p>\n","protected":false},"author":1,"featured_media":4138,"comment_status":"open","ping_status":"open","sticky":false,"template":"","format":"standard","meta":{"footnotes":""},"categories":[2],"tags":[],"class_list":["post-4137","post","type-post","status-publish","format-standard","has-post-thumbnail","hentry","category-general","post-has-thumbnail"],"_links":{"self":[{"href":"http:\/\/camaraadministrador.com.ar\/new\/wp-json\/wp\/v2\/posts\/4137"}],"collection":[{"href":"http:\/\/camaraadministrador.com.ar\/new\/wp-json\/wp\/v2\/posts"}],"about":[{"href":"http:\/\/camaraadministrador.com.ar\/new\/wp-json\/wp\/v2\/types\/post"}],"author":[{"embeddable":true,"href":"http:\/\/camaraadministrador.com.ar\/new\/wp-json\/wp\/v2\/users\/1"}],"replies":[{"embeddable":true,"href":"http:\/\/camaraadministrador.com.ar\/new\/wp-json\/wp\/v2\/comments?post=4137"}],"version-history":[{"count":1,"href":"http:\/\/camaraadministrador.com.ar\/new\/wp-json\/wp\/v2\/posts\/4137\/revisions"}],"predecessor-version":[{"id":4139,"href":"http:\/\/camaraadministrador.com.ar\/new\/wp-json\/wp\/v2\/posts\/4137\/revisions\/4139"}],"wp:featuredmedia":[{"embeddable":true,"href":"http:\/\/camaraadministrador.com.ar\/new\/wp-json\/wp\/v2\/media\/4138"}],"wp:attachment":[{"href":"http:\/\/camaraadministrador.com.ar\/new\/wp-json\/wp\/v2\/media?parent=4137"}],"wp:term":[{"taxonomy":"category","embeddable":true,"href":"http:\/\/camaraadministrador.com.ar\/new\/wp-json\/wp\/v2\/categories?post=4137"},{"taxonomy":"post_tag","embeddable":true,"href":"http:\/\/camaraadministrador.com.ar\/new\/wp-json\/wp\/v2\/tags?post=4137"}],"curies":[{"name":"wp","href":"https:\/\/api.w.org\/{rel}","templated":true}]}}