{"id":4357,"date":"2023-04-28T13:01:26","date_gmt":"2023-04-28T16:01:26","guid":{"rendered":"http:\/\/camaraadministrador.com.ar\/new\/?p=4357"},"modified":"2023-04-28T13:01:26","modified_gmt":"2023-04-28T16:01:26","slug":"registro-del-administrador","status":"publish","type":"post","link":"http:\/\/camaraadministrador.com.ar\/new\/registro-del-administrador\/","title":{"rendered":"REQUISITOS Y TUTORIAL PARA REGISTRO DEL ADMINISTRADOR"},"content":{"rendered":"<div>\u00a0Resoluci\u00f3n de funcionamiento del Registro de la Direcci\u00f3n de Personas Jur\u00eddicas, detallando los requisitos a cumplimentar para la Inscripci\u00f3n\u00a0en el mismo.-<\/div>\n<div><\/div>\n<div><a href=\"http:\/\/camaraadministrador.com.ar\/new\/wp-content\/uploads\/2023\/04\/DISPOSICION-27-2023-COMPLETA-CON-ANEXOS.pdf\" class=\"pdfemb-viewer\" style=\"\" data-width=\"max\" data-height=\"max\" data-toolbar=\"both\" data-toolbar-fixed=\"off\">DISPOSICION 27-2023 COMPLETA CON ANEXOS<\/a> <a href=\"http:\/\/camaraadministrador.com.ar\/new\/wp-content\/uploads\/2023\/04\/Inscripcion-2.pdf\" class=\"pdfemb-viewer\" style=\"\" data-width=\"max\" data-height=\"max\" data-toolbar=\"both\" data-toolbar-fixed=\"off\">Inscripci\u00f3n (2)<\/a><\/div>\n","protected":false},"excerpt":{"rendered":"<p>\u00a0Resoluci\u00f3n de funcionamiento del Registro de la Direcci\u00f3n de Personas Jur\u00eddicas, detallando los requisitos a cumplimentar para la Inscripci\u00f3n\u00a0en el mismo.-<\/p>\n","protected":false},"author":1,"featured_media":4360,"comment_status":"open","ping_status":"open","sticky":false,"template":"","format":"standard","meta":{"footnotes":""},"categories":[2],"tags":[],"class_list":["post-4357","post","type-post","status-publish","format-standard","has-post-thumbnail","hentry","category-general","post-has-thumbnail"],"_links":{"self":[{"href":"http:\/\/camaraadministrador.com.ar\/new\/wp-json\/wp\/v2\/posts\/4357"}],"collection":[{"href":"http:\/\/camaraadministrador.com.ar\/new\/wp-json\/wp\/v2\/posts"}],"about":[{"href":"http:\/\/camaraadministrador.com.ar\/new\/wp-json\/wp\/v2\/types\/post"}],"author":[{"embeddable":true,"href":"http:\/\/camaraadministrador.com.ar\/new\/wp-json\/wp\/v2\/users\/1"}],"replies":[{"embeddable":true,"href":"http:\/\/camaraadministrador.com.ar\/new\/wp-json\/wp\/v2\/comments?post=4357"}],"version-history":[{"count":1,"href":"http:\/\/camaraadministrador.com.ar\/new\/wp-json\/wp\/v2\/posts\/4357\/revisions"}],"predecessor-version":[{"id":4361,"href":"http:\/\/camaraadministrador.com.ar\/new\/wp-json\/wp\/v2\/posts\/4357\/revisions\/4361"}],"wp:featuredmedia":[{"embeddable":true,"href":"http:\/\/camaraadministrador.com.ar\/new\/wp-json\/wp\/v2\/media\/4360"}],"wp:attachment":[{"href":"http:\/\/camaraadministrador.com.ar\/new\/wp-json\/wp\/v2\/media?parent=4357"}],"wp:term":[{"taxonomy":"category","embeddable":true,"href":"http:\/\/camaraadministrador.com.ar\/new\/wp-json\/wp\/v2\/categories?post=4357"},{"taxonomy":"post_tag","embeddable":true,"href":"http:\/\/camaraadministrador.com.ar\/new\/wp-json\/wp\/v2\/tags?post=4357"}],"curies":[{"name":"wp","href":"https:\/\/api.w.org\/{rel}","templated":true}]}}